[{"@context":"https:\/\/schema.org\/","@type":"Article","@id":"https:\/\/www.orimo.sk\/nastrahy-s-nazvom-alergie\/#Article","mainEntityOfPage":"https:\/\/www.orimo.sk\/nastrahy-s-nazvom-alergie\/","headline":"N\u00e1strahy s n\u00e1zvom \u201ealergie\u201c","name":"N\u00e1strahy s n\u00e1zvom \u201ealergie\u201c","description":"Alergie s\u00fa tu, medzi nami, a\u00a0je ich st\u00e1le viac a\u00a0viac. Alergick\u00fd dnes u\u017e m\u00f4\u017eete by\u0165 skuto\u010dne na v\u0161etko, na potraviny, l\u00e1tky, kozmetiku, pr\u00edrodniny, lieky, materi\u00e1ly, zvierat\u00e1. Jedno je v\u0161ak ist\u00e9, nie s\u00fa ni\u010d\u00edm pr\u00edjemn\u00e9. S\u00fa ne\u0161\u0165astnou komplik\u00e1ciou na\u0161ich \u017eivotov v\u00a0obdobiach, kedy by sme sa mali najviac te\u0161i\u0165, preto\u017ee sa pr\u00edroda zob\u00fadza. No pr\u00e1ve alergikom t\u00e1to...","datePublished":"2019-05-25","dateModified":"2019-05-25","author":{"@type":"Person","@id":"https:\/\/www.orimo.sk\/author\/#Person","name":"","url":"https:\/\/www.orimo.sk\/author\/","identifier":1,"image":{"@type":"ImageObject","@id":"https:\/\/secure.gravatar.com\/avatar\/2f9cf1b561d9aae95958ad71553999b0e9db33d2ec644561c199d316aa8e46db?s=96&d=mm&r=g","url":"https:\/\/secure.gravatar.com\/avatar\/2f9cf1b561d9aae95958ad71553999b0e9db33d2ec644561c199d316aa8e46db?s=96&d=mm&r=g","height":96,"width":96}},"publisher":{"@type":"Organization","name":"orimo.sk","logo":{"@type":"ImageObject","@id":"\/logo.png","url":"\/logo.png","width":600,"height":60}},"image":{"@type":"ImageObject","@id":"https:\/\/www.orimo.sk\/wp-content\/uploads\/img_a301879_w16608_t1559235185.jpg","url":"https:\/\/www.orimo.sk\/wp-content\/uploads\/img_a301879_w16608_t1559235185.jpg","height":0,"width":0},"url":"https:\/\/www.orimo.sk\/nastrahy-s-nazvom-alergie\/","wordCount":461,"articleBody":"Alergie s\u00fa tu, medzi nami, a\u00a0je ich st\u00e1le viac a\u00a0viac. Alergick\u00fd dnes u\u017e m\u00f4\u017eete by\u0165 skuto\u010dne na v\u0161etko, na potraviny, l\u00e1tky, kozmetiku, pr\u00edrodniny, lieky, materi\u00e1ly, zvierat\u00e1. Jedno je v\u0161ak ist\u00e9, nie s\u00fa ni\u010d\u00edm pr\u00edjemn\u00e9. S\u00fa ne\u0161\u0165astnou komplik\u00e1ciou na\u0161ich \u017eivotov v\u00a0obdobiach, kedy by sme sa mali najviac te\u0161i\u0165, preto\u017ee sa pr\u00edroda zob\u00fadza. No pr\u00e1ve alergikom t\u00e1to kr\u00e1sa nerob\u00ed zrovna najlep\u0161ie, a\u00a0preto sa jej musia v\u00e4\u010d\u0161inou vyh\u00fdba\u0165.Alergiami trp\u00ed ve\u013ek\u00e1 \u010das\u0165 popul\u00e1cie, pri\u010dom po\u010det neust\u00e1le narast\u00e1. M\u00f4\u017eu by\u0165 sp\u00f4soben\u00e9 najr\u00f4znej\u0161\u00edmi faktormi, dedi\u010dn\u00e9 alebo napr\u00edklad z\u00a0vyrastania v\u00a0zlom prostred\u00ed. Nemali by sme ich v\u0161ak podce\u0148ova\u0165, preto\u017ee aj napriek tomu, \u017ee p\u00f4sobia nen\u00e1padne a\u00a0\u010dlovek si pri nich povie, \u017ee to prejde, pri\u010dom m\u00e1vnu nad nimi iba rukou, v\u00a0niektor\u00fdch pr\u00edpadoch m\u00f4\u017ee \u00eds\u0165 dokonca o\u00a0\u017eivot! Preto ich nepodce\u0148ujte.Ako spozorujete, \u017ee va\u0161e telo na nie\u010do reaguje prehnane, a\u00a0teda alergicky? Pr\u00edznaky m\u00f4\u017eu by\u0165 najr\u00f4znej\u0161ie, no vo v\u0161eobecnosti sa sp\u00e1jaj\u00fa najm\u00e4 s\u00a0nepr\u00edjemn\u00fdm dr\u00e1\u017ediv\u00fdm pocitom. \u010ci u\u017e ide o\u00a0za\u010dervenanie a\u00a0p\u00e1lenie poko\u017eky, p\u00e1lenie o\u010d\u00ed a\u00a0ich slzenie, vyr\u00e1\u017eky ktor\u00e9 nepr\u00edjemne svrbia, \u0161teklenie v\u00a0nose, k\u00fdchanie, soplenie. Toto v\u0161etko a\u00a0ove\u013ea viac sa d\u00e1 pova\u017eova\u0165 za prejavy alergickej reakcie.Ak ste v\u00a0poslednej dobe na sebe spozorovali nie\u010do podobn\u00e9, mali by ste zbystri\u0165, preto\u017ee pr\u00ed\u010dinu m\u00f4\u017eete ma\u0165 rovno pod nosom \u2013 a\u00a0to doslova. Napr\u00edklad, va\u0161u alergiu m\u00f4\u017ee vyvol\u00e1va\u0165 vank\u00fa\u0161, na ktorom sp\u00edte ak napr\u00edklad m\u00e1te doma e\u0161te d\u00e1vne p\u00e1perov\u00e9 vank\u00fa\u0161e, kvet, ktor\u00fd ste dostali na narodeniny a\u00a0dal iste si ho do v\u00e1zi\u010dky pri poste\u013e, \u010di dokonca v\u00e1\u0161 ps\u00edk alebo ma\u010di\u010dka, ku ktor\u00fdm sa st\u00e1le t\u00falite. Pr\u00ed\u010din m\u00f4\u017ee by\u0165 skuto\u010dne ve\u013emi ve\u013ea. Ak v\u0161ak ide o\u00a0nie\u010do vonkaj\u0161ie, pravdepodobne za\u010dnete k\u00fdcha\u0165, sopli\u0165 a\u00a0bud\u00fa v\u00e1m slzi\u0165 o\u010di.Hor\u0161ie je to v\u00a0pr\u00edpade potrav\u00edn alebo liekov \u2013 vtedy toti\u017e m\u00f4\u017ee \u00eds\u0165 o\u00a0v\u00e1\u017enej\u0161ie reakcie, napr\u00edklad ak zjete potravinu, na ktor\u00fa m\u00e1te alergiu (napr\u00edklad med, orie\u0161ky, \u0161korica) a\u00a0neviete o\u00a0tom, m\u00f4\u017eu sa v\u00e1m z\u00fa\u017ei\u0165 d\u00fdchacie cesty a\u00a0m\u00f4\u017eete sa dokonca aj zadusi\u0165, preto je ve\u013emi d\u00f4le\u017eit\u00e9 zisti\u0165, \u010do va\u0161u alergiu sp\u00f4sobuje a\u00a0efekt\u00edvne sa jej p\u00f4sobeniu br\u00e1ni\u0165!                                                                                                                                                                                                                                                                                                                                                                                                "},{"@context":"https:\/\/schema.org\/","@type":"BreadcrumbList","itemListElement":[{"@type":"ListItem","position":1,"name":"N\u00e1strahy s n\u00e1zvom \u201ealergie\u201c","item":"https:\/\/www.orimo.sk\/nastrahy-s-nazvom-alergie\/#breadcrumbitem"}]}]