[{"@context":"https:\/\/schema.org\/","@type":"Article","@id":"https:\/\/www.orimo.sk\/kde-sa-vzali-siltovky-a-ako-sa-z-nich-stala-ikonicka-pokryvka-hlavy\/#Article","mainEntityOfPage":"https:\/\/www.orimo.sk\/kde-sa-vzali-siltovky-a-ako-sa-z-nich-stala-ikonicka-pokryvka-hlavy\/","headline":"Kde sa vzali \u0161iltovky a ako sa z nich stala ikonick\u00e1 pokr\u00fdvka hlavy?","name":"Kde sa vzali \u0161iltovky a ako sa z nich stala ikonick\u00e1 pokr\u00fdvka hlavy?","description":"Ve\u013ea k\u00faskov oble\u010denia a rozli\u010dn\u00fdch doplnkov, ktor\u00e9 dnes pova\u017eujeme za ikonick\u00e9 a kultov\u00e9, p\u00f4vodne vzniklo za \u00faplne in\u00fdm \u00fa\u010delom, ne\u017e za ak\u00fdm ich v s\u00fa\u010dasnosti nos\u00edme. V\u00e4\u010d\u0161inou i\u0161lo o r\u00f4zne pracovn\u00e9 odvetvia, ako to bolo napr\u00edklad s d\u017e\u00ednsami a denimovou l\u00e1tkou alebo oblas\u0165 r\u00f4znych druhov \u0161portov. Rovnak\u00fdm pr\u00edkladom m\u00f4\u017ee by\u0165 aj \u0161iltovka, ktor\u00e1 taktie\u017e p\u00f4vodne...","datePublished":"2022-07-15","dateModified":"2022-07-15","author":{"@type":"Person","@id":"https:\/\/www.orimo.sk\/author\/#Person","name":"","url":"https:\/\/www.orimo.sk\/author\/","identifier":1,"image":{"@type":"ImageObject","@id":"https:\/\/secure.gravatar.com\/avatar\/2f9cf1b561d9aae95958ad71553999b0e9db33d2ec644561c199d316aa8e46db?s=96&d=mm&r=g","url":"https:\/\/secure.gravatar.com\/avatar\/2f9cf1b561d9aae95958ad71553999b0e9db33d2ec644561c199d316aa8e46db?s=96&d=mm&r=g","height":96,"width":96}},"publisher":{"@type":"Organization","name":"orimo.sk","logo":{"@type":"ImageObject","@id":"\/logo.png","url":"\/logo.png","width":600,"height":60}},"image":{"@type":"ImageObject","@id":"https:\/\/www.orimo.sk\/wp-content\/uploads\/d%C3%A1mska%20%C5%A1iltovka_6.jpg","url":"https:\/\/www.orimo.sk\/wp-content\/uploads\/d%C3%A1mska%20%C5%A1iltovka_6.jpg","height":0,"width":0},"url":"https:\/\/www.orimo.sk\/kde-sa-vzali-siltovky-a-ako-sa-z-nich-stala-ikonicka-pokryvka-hlavy\/","wordCount":407,"articleBody":"   Ve\u013ea k\u00faskov oble\u010denia a rozli\u010dn\u00fdch doplnkov, ktor\u00e9 dnes pova\u017eujeme za ikonick\u00e9 a kultov\u00e9, p\u00f4vodne vzniklo za \u00faplne in\u00fdm \u00fa\u010delom, ne\u017e za ak\u00fdm ich v s\u00fa\u010dasnosti nos\u00edme. V\u00e4\u010d\u0161inou i\u0161lo o r\u00f4zne pracovn\u00e9 odvetvia, ako to bolo napr\u00edklad s d\u017e\u00ednsami a denimovou l\u00e1tkou alebo oblas\u0165 r\u00f4znych druhov \u0161portov. Rovnak\u00fdm pr\u00edkladom m\u00f4\u017ee by\u0165 aj \u0161iltovka, ktor\u00e1 taktie\u017e p\u00f4vodne vznikla v \u0161portovom odvetv\u00ed, ako s\u00fa\u010das\u0165 \u0161portov\u00e9ho dresu pre hr\u00e1\u010dov baseballu, aby im slnko pri hre nesvietilo do o\u010d\u00ed. V \u0161porte \u0161iltovky zo\u017eali mnoho \u00faspechu, ktor\u00fd ich nesk\u00f4r presadil i do vybavenia pracovn\u00e9ho oble\u010denia pre policajn\u00e9 zlo\u017eky, vojakov \u010di in\u00fdch pracovn\u00edkov verejnej bezpe\u010dnosti.Ako sa v\u0161ak zo \u0161iltovky stala ikonick\u00e1 pokr\u00fdvka hlavy, ktor\u00fa si dnes po prech\u00e1dzke mestom m\u00f4\u017eeme v\u0161imn\u00fa\u0165 skoro na ka\u017edom druhom \u010dloveku? Za v\u0161etko m\u00f4\u017eu v\u017edy celebrity a zn\u00e1me osobnosti, ktor\u00e9 vid\u00edme za za\u010dat\u00edm mnoh\u00fdch m\u00f3dnych trendov. \u0160iltovky sa postupne od \u0161portovcov a bezpe\u010dnostn\u00fdch zlo\u017eiek stali taktie\u017e s\u00fa\u010das\u0165ou \u0161atn\u00edkov aj mnoh\u00fdch hudobn\u00edkov, spev\u00e1kov a zn\u00e1mych celebr\u00edt, od ktor\u00fdch ich zase objavili ich fan\u00fa\u0161ikovia. Aj dnes si m\u00f4\u017eeme v\u0161imn\u00fa\u0165, \u017ee mnoho \u013eud\u00ed sa chce oblieka\u0165 a nosi\u0165 rovnak\u00e9 doplnky, ako ich ob\u013e\u00faben\u00fd spev\u00e1k \u010di herec. Pokr\u00fdvky hlavy so \u0161iltom s\u00fa kultov\u00fdm doplnkom, ktor\u00fd sa vr\u00e1tane ochrany pred slne\u010dn\u00fdm \u017eiaren\u00edm a \u00fapalom nos\u00ed v s\u00fa\u010dasnosti najm\u00e4 ako m\u00f3dny doplnok. Tis\u00edcky zn\u00e1mych m\u00f3dnych zna\u010diek ka\u017edoro\u010dne \u0161ije nov\u00e9 farebn\u00e9 \u0161iltovky so svoj\u00edm logom \u010di zauj\u00edmav\u00fdmi n\u00e1pismi. Rovnako je mo\u017en\u00e9 si na \u013eu\u010foch v\u0161\u00edma\u0165 i \u0161iltovky s logom ich ob\u013e\u00faben\u00e9ho \u0161portov\u00e9ho t\u00edmu \u010di milovanej filmovej alebo komiksovej postavi\u010dky. K\u00fdm sa m\u00f4\u017ee zda\u0165, \u017ee \u0161iltovky dominuj\u00fa sk\u00f4r v mu\u017esk\u00fdch \u0161atn\u00edkoch, \u017eeny taktie\u017e nezaost\u00e1vaj\u00fa a \u0161ilty sa objavuj\u00fa ako s\u00fa\u010das\u0165 ich outfitov \u010doraz viac. Ikonick\u00fa pokr\u00fdvku hlavy toti\u017e vyu\u017eijete nie len na letnej dovolenke \u010di turistike v pr\u00edrode, kde v\u00e1m slnko pe\u010die na hlavu cel\u00fd de\u0148, ale rovnako \u0148ou vyrie\u0161ite aj probl\u00e9m s nie pr\u00e1ve \u010derstvo umyt\u00fdmi vlasmi.                                                                                                                                                                                                                                                                                                                                                                                                  "},{"@context":"https:\/\/schema.org\/","@type":"BreadcrumbList","itemListElement":[{"@type":"ListItem","position":1,"name":"Kde sa vzali \u0161iltovky a ako sa z nich stala ikonick\u00e1 pokr\u00fdvka hlavy?","item":"https:\/\/www.orimo.sk\/kde-sa-vzali-siltovky-a-ako-sa-z-nich-stala-ikonicka-pokryvka-hlavy\/#breadcrumbitem"}]}]